{"id":805,"date":"2003-05-28T22:07:00","date_gmt":"2003-05-28T20:07:00","guid":{"rendered":"https:\/\/wirtualnemuzeum.skgd.pl\/spotkanie-prezydenta-rp-aleksandra-kwasniewskiego-i-ministra-spraw-zagranicznych-niemiec-joschki-fischera-z-przedstawicielami-mniejszosci-niemieckiej\/"},"modified":"2021-03-25T23:14:30","modified_gmt":"2021-03-25T22:14:30","slug":"treffen-des-prasidenten-aleksander-kwasniewski-und-des-deutschen-aussenministers-joschka-fischer-mit-den-vertretern-der-dmi","status":"publish","type":"post","link":"https:\/\/wirtualnemuzeum.skgd.pl\/de\/treffen-des-prasidenten-aleksander-kwasniewski-und-des-deutschen-aussenministers-joschka-fischer-mit-den-vertretern-der-dmi\/","title":{"rendered":"Treffen des Pr\u00e4sidenten Aleksander Kwa\u015bniewski und des deutschen Au\u00dfenministers Joschka Fischer mit den Vertretern der DMI"},"content":{"rendered":"","protected":false},"excerpt":{"rendered":"","protected":false},"author":1,"featured_media":803,"comment_status":"open","ping_status":"open","sticky":false,"template":"","format":"standard","meta":{"footnotes":""},"categories":[24,15],"tags":[559,558,537],"class_list":["post-805","post","type-post","status-publish","format-standard","has-post-thumbnail","hentry","category-person","category-veranstaltung","tag-aleksander-kwasniewski-de","tag-joschka-fischer-de","tag-praesident"],"_links":{"self":[{"href":"https:\/\/wirtualnemuzeum.skgd.pl\/de\/wp-json\/wp\/v2\/posts\/805","targetHints":{"allow":["GET"]}}],"collection":[{"href":"https:\/\/wirtualnemuzeum.skgd.pl\/de\/wp-json\/wp\/v2\/posts"}],"about":[{"href":"https:\/\/wirtualnemuzeum.skgd.pl\/de\/wp-json\/wp\/v2\/types\/post"}],"author":[{"embeddable":true,"href":"https:\/\/wirtualnemuzeum.skgd.pl\/de\/wp-json\/wp\/v2\/users\/1"}],"replies":[{"embeddable":true,"href":"https:\/\/wirtualnemuzeum.skgd.pl\/de\/wp-json\/wp\/v2\/comments?post=805"}],"version-history":[{"count":1,"href":"https:\/\/wirtualnemuzeum.skgd.pl\/de\/wp-json\/wp\/v2\/posts\/805\/revisions"}],"predecessor-version":[{"id":806,"href":"https:\/\/wirtualnemuzeum.skgd.pl\/de\/wp-json\/wp\/v2\/posts\/805\/revisions\/806"}],"wp:featuredmedia":[{"embeddable":true,"href":"https:\/\/wirtualnemuzeum.skgd.pl\/de\/wp-json\/wp\/v2\/media\/803"}],"wp:attachment":[{"href":"https:\/\/wirtualnemuzeum.skgd.pl\/de\/wp-json\/wp\/v2\/media?parent=805"}],"wp:term":[{"taxonomy":"category","embeddable":true,"href":"https:\/\/wirtualnemuzeum.skgd.pl\/de\/wp-json\/wp\/v2\/categories?post=805"},{"taxonomy":"post_tag","embeddable":true,"href":"https:\/\/wirtualnemuzeum.skgd.pl\/de\/wp-json\/wp\/v2\/tags?post=805"}],"curies":[{"name":"wp","href":"https:\/\/api.w.org\/{rel}","templated":true}]}}